{"id":9378,"date":"2023-01-10T16:21:00","date_gmt":"2023-01-10T19:21:00","guid":{"rendered":"https:\/\/www.palmaresdosul.rs.gov.br\/novosite\/?p=9378"},"modified":"2023-01-10T16:21:00","modified_gmt":"2023-01-10T19:21:00","slug":"reuniao-com-ibge-visa-estrategia-para-registrar-numero-de-habitantes","status":"publish","type":"post","link":"https:\/\/palmaresdosul.rs.gov.br\/novosite\/reuniao-com-ibge-visa-estrategia-para-registrar-numero-de-habitantes\/","title":{"rendered":"REUNI\u00c3O COM IBGE VISA ESTRAT\u00c9GIA PARA REGISTRAR N\u00daMERO DE HABITANTES"},"content":{"rendered":"<p style=\"text-align: justify;\">O IBGE est\u00e1 realizando o Censo 2022 em todo Brasil. Em fun\u00e7\u00e3o de muitas dificuldades, como baixa ades\u00e3o de recenseadores \u00e0s vagas disponibilizadas, pandemia e not\u00edcias falsas, o \u00f3rg\u00e3o ampliou para este m\u00eas de janeiro as a\u00e7\u00f5es com a finalidade de concluir o levantamento do n\u00famero populacional do Brasil.<\/p>\n<p style=\"text-align: justify;\">Em Palmares do Sul n\u00e3o \u00e9 diferente. Algumas dificuldades implicam no atraso ou na falta de dados corretos. No entanto, o maior problema enfrentado no momento \u00e9 a dificuldade de encontrar pessoas nas casas e a recusa de alguns em responder o question\u00e1rio.<\/p>\n<p style=\"text-align: justify;\">Diante disto, a Prefeitura de Palmares do Sul, atrav\u00e9s do iniciativa do prefeito Mauricio Muniz e do secret\u00e1rio de Finan\u00e7as, Eder Andrade, promoveu uma reuni\u00e3o com a equipe local do IBGE para tra\u00e7ar uma estrat\u00e9gia a fim de conseguir recensear o percentual que ainda falta. Ampliando estes dados, o resultado \u00e9 o mais pr\u00f3ximo do n\u00famero real de habitantes, o que proporciona em um percentual maior de repasse financeiro do Governo Federal ao Munic\u00edpio.<\/p>\n<p style=\"text-align: justify;\">Ficou ajustado que o Munic\u00edpio auxiliar\u00e1 disponibilizando o que for necess\u00e1rio \u00e0 equipe, inclusive um n\u00famero de whatsapp do Gabinete onde a popula\u00e7\u00e3o que ainda n\u00e3o foi recenseada pode enviar uma mensagem com nome e endere\u00e7o para agendamento da entrevista (que poder\u00e1 ser feita at\u00e9 mesmo por telefone posteriormente), que ser\u00e3o repassados aos recenseadores. O n\u00famero \u00e9 (51) 9970-7708.<\/p>\n<p style=\"text-align: justify;\">Estiveram na reuni\u00e3o a coordenadora Renata Menna Barreto, o agente Igor Monteiro e a consultora Carla Ara\u00fajo.<\/p>\n<p style=\"text-align: justify;\">\u201cSolicitamos a aten\u00e7\u00e3o da popula\u00e7\u00e3o que ainda n\u00e3o respondeu para que entre em contato conosco e que recebam os agentes. Estes dados completos e corretos v\u00e3o ajudar muito o nosso Munic\u00edpio. Lembro que tudo \u00e9 extremamente sigiloso, n\u00e3o tem implica\u00e7\u00e3o nenhuma com rela\u00e7\u00e3o a cobran\u00e7a de taxas ou impostos, e nem perde qualquer tipo de aux\u00edlio governamental. \u00c9 de grande import\u00e2ncia esta atualiza\u00e7\u00e3o para as quest\u00f5es geogr\u00e1ficas e estat\u00edsticas, bem como para divis\u00e3o de repasses, e Palmares depende muito de sua popula\u00e7\u00e3o\u201d, salienta o prefeito Mauricio Muniz.<\/p>\n<p><img loading=\"lazy\" decoding=\"async\" class=\"size-medium wp-image-9379 aligncenter\" src=\"https:\/\/palmaresdosul.rs.gov.br\/novosite\/wp-content\/uploads\/2023\/01\/Card-chamada-IBGE-407x318.jpg\" alt=\"\" width=\"407\" height=\"318\" srcset=\"https:\/\/palmaresdosul.rs.gov.br\/novosite\/wp-content\/uploads\/2023\/01\/Card-chamada-IBGE-407x318.jpg 407w, https:\/\/palmaresdosul.rs.gov.br\/novosite\/wp-content\/uploads\/2023\/01\/Card-chamada-IBGE-203x159.jpg 203w, https:\/\/palmaresdosul.rs.gov.br\/novosite\/wp-content\/uploads\/2023\/01\/Card-chamada-IBGE.jpg 895w\" sizes=\"auto, (max-width: 407px) 100vw, 407px\" \/><\/p>\n","protected":false},"excerpt":{"rendered":"<p>O IBGE est\u00e1 realizando o Censo 2022 em todo Brasil. Em fun\u00e7\u00e3o de muitas dificuldades, como baixa ades\u00e3o de recenseadores \u00e0s vagas disponibilizadas, pandemia e not\u00edcias falsas, o \u00f3rg\u00e3o ampliou para este m\u00eas de janeiro as a\u00e7\u00f5es com a finalidade de concluir o levantamento do n\u00famero populacional do Brasil. Em Palmares do Sul n\u00e3o \u00e9 [&hellip;]<\/p>\n","protected":false},"author":6,"featured_media":9380,"comment_status":"open","ping_status":"open","sticky":false,"template":"","format":"standard","meta":{"footnotes":""},"categories":[112,113],"tags":[],"class_list":["post-9378","post","type-post","status-publish","format-standard","has-post-thumbnail","hentry","category-financas","category-gabinete-do-prefeito"],"_links":{"self":[{"href":"https:\/\/palmaresdosul.rs.gov.br\/novosite\/wp-json\/wp\/v2\/posts\/9378","targetHints":{"allow":["GET"]}}],"collection":[{"href":"https:\/\/palmaresdosul.rs.gov.br\/novosite\/wp-json\/wp\/v2\/posts"}],"about":[{"href":"https:\/\/palmaresdosul.rs.gov.br\/novosite\/wp-json\/wp\/v2\/types\/post"}],"author":[{"embeddable":true,"href":"https:\/\/palmaresdosul.rs.gov.br\/novosite\/wp-json\/wp\/v2\/users\/6"}],"replies":[{"embeddable":true,"href":"https:\/\/palmaresdosul.rs.gov.br\/novosite\/wp-json\/wp\/v2\/comments?post=9378"}],"version-history":[{"count":1,"href":"https:\/\/palmaresdosul.rs.gov.br\/novosite\/wp-json\/wp\/v2\/posts\/9378\/revisions"}],"predecessor-version":[{"id":9381,"href":"https:\/\/palmaresdosul.rs.gov.br\/novosite\/wp-json\/wp\/v2\/posts\/9378\/revisions\/9381"}],"wp:featuredmedia":[{"embeddable":true,"href":"https:\/\/palmaresdosul.rs.gov.br\/novosite\/wp-json\/wp\/v2\/media\/9380"}],"wp:attachment":[{"href":"https:\/\/palmaresdosul.rs.gov.br\/novosite\/wp-json\/wp\/v2\/media?parent=9378"}],"wp:term":[{"taxonomy":"category","embeddable":true,"href":"https:\/\/palmaresdosul.rs.gov.br\/novosite\/wp-json\/wp\/v2\/categories?post=9378"},{"taxonomy":"post_tag","embeddable":true,"href":"https:\/\/palmaresdosul.rs.gov.br\/novosite\/wp-json\/wp\/v2\/tags?post=9378"}],"curies":[{"name":"wp","href":"https:\/\/api.w.org\/{rel}","templated":true}]}}