{"id":8875,"date":"2022-12-02T09:36:52","date_gmt":"2022-12-02T12:36:52","guid":{"rendered":"http:\/\/www.palmaresdosul.rs.gov.br\/pmps\/?p=4903"},"modified":"2022-12-02T09:36:52","modified_gmt":"2022-12-02T12:36:52","slug":"prefeito-cumpre-agenda-em-porto-alegre-com-vice-governador-eleito-defesa-civil-e-dters","status":"publish","type":"post","link":"https:\/\/palmaresdosul.rs.gov.br\/novosite\/prefeito-cumpre-agenda-em-porto-alegre-com-vice-governador-eleito-defesa-civil-e-dters\/","title":{"rendered":"PREFEITO CUMPRE AGENDA EM PORTO ALEGRE COM VICE-GOVERNADOR ELEITO, DEFESA CIVIL E DTERS"},"content":{"rendered":"\n<p>Na ter\u00e7a-feira, 29 de novembro, o prefeito de Palmares do Sul, Mauricio Muniz, acompanhado do secret\u00e1rio de Administra\u00e7\u00e3o, Rodrigo Machado, realizou um roteiro na Capital ga\u00facha visando benef\u00edcios para o Munic\u00edpio.<\/p>\n\n\n\n<p>Inicialmente, estiveram no Departamento de Transportes do Estado (DTERS), onde foram recebidos pelo diretor Marcos de Freitas e pelo analista administrador Estev\u00e3o Poitine; na <a><\/a>qual solicitaram ve\u00edculos que o Estado encaminha aos munic\u00edpios ap\u00f3s o uso para determinadas fun\u00e7\u00f5es (e que posteriormente servem aos munic\u00edpios que solicitam), como forma de doa\u00e7\u00e3o; o que deve ocorrer a partir do pr\u00f3ximo ano.<\/p>\n\n\n\n<p>Na sequ\u00eancia, estiveram na central de doa\u00e7\u00f5es da Defesa Civil; sendo recepcionados pelo Tenente Egevardt (representando o chefe do departamento, Tenente Iglesias). Neste setor, receberam roupas, cal\u00e7ados, cobertores, entre outros utens\u00edlios, a serem encaminhados para a Assist\u00eancia Social de Palmares do Sul.<\/p>\n\n\n\n<p>Nestas visitas, eles foram acompanhados pela assessora da Casa Civil, Deise Stiegemeier.<\/p>\n\n\n\n<p>Finalizando, o prefeito esteve em reuni\u00e3o, novamente, com o vice-governador eleito, Gabriel Souza, refor\u00e7ando o pedido para o andamento do projeto Avan\u00e7ar RS\/Turismo, na qual Palmares do Sul est\u00e1 cadastrado, objetivando o desenvolvimento da infraestrutura municipal nesta \u00e1rea.<\/p>\n\n\n\n<p>\u201cFoi um dia muito proveitoso. Agrade\u00e7o a todos que nos atenderam e auxiliaram, em especial ao pessoal da Defesa Civil, toda equipe e dire\u00e7\u00e3o, por sempre atenderem e assistirem nosso Munic\u00edpio, na qual j\u00e1 recebemos os materiais. Tamb\u00e9m ao pessoal do DTERS e ao nosso pr\u00f3ximo vice-governador, por mais uma vez nos atender e demonstrar a sintonia e compromisso com Palmares do Sul. Muitas coisas v\u00e3o se desenvolvendo, concretizando e aparecendo, pelo bem do Munic\u00edpio como um todo\u201d, comenta o prefeito Mauricio Muniz.<\/p>\n\n\n\n<figure class=\"wp-block-gallery has-nested-images columns-default is-cropped wp-block-gallery-1 is-layout-flex wp-block-gallery-is-layout-flex\">\n<figure class=\"wp-block-image size-full\"><img decoding=\"async\" data-id=\"4907\" src=\"http:\/\/www.palmaresdosul.rs.gov.br\/pmps\/wp-content\/uploads\/2022\/12\/1-DTERS.jpg\" alt=\"\" class=\"wp-image-4907\"\/><\/figure>\n\n\n\n<figure class=\"wp-block-image size-full\"><img decoding=\"async\" data-id=\"4909\" src=\"https:\/\/palmaresdosul.rs.gov.br\/novosite\/wp-content\/uploads\/2022\/12\/2-DC-1-2.jpg\" alt=\"\" class=\"wp-image-4909\"\/><\/figure>\n\n\n\n<figure class=\"wp-block-image size-full\"><img loading=\"lazy\" decoding=\"async\" width=\"1280\" height=\"960\" data-id=\"4906\" src=\"http:\/\/www.palmaresdosul.rs.gov.br\/pmps\/wp-content\/uploads\/2022\/12\/2-DC-2.jpg\" alt=\"\" class=\"wp-image-4906\" srcset=\"https:\/\/palmaresdosul.rs.gov.br\/novosite\/wp-content\/uploads\/2022\/12\/2-DC-2.jpg 1280w, https:\/\/palmaresdosul.rs.gov.br\/novosite\/wp-content\/uploads\/2022\/12\/2-DC-2-424x318.jpg 424w, https:\/\/palmaresdosul.rs.gov.br\/novosite\/wp-content\/uploads\/2022\/12\/2-DC-2-212x159.jpg 212w, https:\/\/palmaresdosul.rs.gov.br\/novosite\/wp-content\/uploads\/2022\/12\/2-DC-2-600x450.jpg 600w\" sizes=\"auto, (max-width: 1280px) 100vw, 1280px\" \/><\/figure>\n\n\n\n<figure class=\"wp-block-image size-full\"><img decoding=\"async\" data-id=\"4908\" src=\"https:\/\/palmaresdosul.rs.gov.br\/novosite\/wp-content\/uploads\/2022\/12\/2-DC-3-2.jpg\" alt=\"\" class=\"wp-image-4908\"\/><\/figure>\n<\/figure>\n","protected":false},"excerpt":{"rendered":"<p>Na ter\u00e7a-feira, 29 de novembro, o prefeito de Palmares do Sul, Mauricio Muniz, acompanhado do secret\u00e1rio de Administra\u00e7\u00e3o, Rodrigo Machado, realizou um roteiro na Capital ga\u00facha visando benef\u00edcios para o Munic\u00edpio. Inicialmente, estiveram no Departamento de Transportes do Estado (DTERS), onde foram recebidos pelo diretor Marcos de Freitas e pelo analista administrador Estev\u00e3o Poitine; na [&hellip;]<\/p>\n","protected":false},"author":6,"featured_media":8873,"comment_status":"closed","ping_status":"closed","sticky":false,"template":"","format":"standard","meta":{"footnotes":""},"categories":[113],"tags":[],"class_list":["post-8875","post","type-post","status-publish","format-standard","has-post-thumbnail","hentry","category-gabinete-do-prefeito"],"_links":{"self":[{"href":"https:\/\/palmaresdosul.rs.gov.br\/novosite\/wp-json\/wp\/v2\/posts\/8875","targetHints":{"allow":["GET"]}}],"collection":[{"href":"https:\/\/palmaresdosul.rs.gov.br\/novosite\/wp-json\/wp\/v2\/posts"}],"about":[{"href":"https:\/\/palmaresdosul.rs.gov.br\/novosite\/wp-json\/wp\/v2\/types\/post"}],"author":[{"embeddable":true,"href":"https:\/\/palmaresdosul.rs.gov.br\/novosite\/wp-json\/wp\/v2\/users\/6"}],"replies":[{"embeddable":true,"href":"https:\/\/palmaresdosul.rs.gov.br\/novosite\/wp-json\/wp\/v2\/comments?post=8875"}],"version-history":[{"count":0,"href":"https:\/\/palmaresdosul.rs.gov.br\/novosite\/wp-json\/wp\/v2\/posts\/8875\/revisions"}],"wp:featuredmedia":[{"embeddable":true,"href":"https:\/\/palmaresdosul.rs.gov.br\/novosite\/wp-json\/wp\/v2\/media\/8873"}],"wp:attachment":[{"href":"https:\/\/palmaresdosul.rs.gov.br\/novosite\/wp-json\/wp\/v2\/media?parent=8875"}],"wp:term":[{"taxonomy":"category","embeddable":true,"href":"https:\/\/palmaresdosul.rs.gov.br\/novosite\/wp-json\/wp\/v2\/categories?post=8875"},{"taxonomy":"post_tag","embeddable":true,"href":"https:\/\/palmaresdosul.rs.gov.br\/novosite\/wp-json\/wp\/v2\/tags?post=8875"}],"curies":[{"name":"wp","href":"https:\/\/api.w.org\/{rel}","templated":true}]}}